 {"id":7354,"date":"2023-08-30T07:38:56","date_gmt":"2023-08-30T07:38:56","guid":{"rendered":"http:\/\/europeantissue.com\/?p=7354"},"modified":"2023-09-22T10:34:40","modified_gmt":"2023-09-22T10:34:40","slug":"presa-di-posizione-sulluso-di-fibre-nuove-e-riciclate-nei-prodotti","status":"publish","type":"post","link":"https:\/\/europeantissue.com\/it\/blog\/presa-di-posizione-sulluso-di-fibre-nuove-e-riciclate-nei-prodotti\/","title":{"rendered":"Presa di Posizione sull&#8217;Uso di Fibre Nuove e Riciclate nei Prodotti"},"content":{"rendered":"<p>Quale produttore di prodotti monouso, il settore Tissue \u00e8 impegnato a promuovere attraverso le sue attivit\u00e0 &nbsp;uno sviluppo sostenibile e questo include l&#8217;uso come materia prima di diversi tipi di fibre. <br \/>\nL&#8217;industria del tissue produce una gamma di prodotti diversi per diverse applicazioni igieniche. <br \/>\nLa decisione di un fabbricante di utilizzare fibre riciclate o nuove dipende da una serie di fattori. <br \/>\nQuesti includono tra l&#8217;altro la disponibilit\u00e0, utilizzo finale, la tecnologia, e le richieste dei clienti.<\/p>\n<ul>\n<li>Quando si utilizzano fibre vergini, il Settore Tissue si impegna ad utilizzare cellulose e paste legno di cellulosa derivanti \u200b\u200bda foreste sostenibili e gestite legalmente. Queste foreste garantiscono la salute a lungo termine del bosco, catturano l&#8217;anidride carbonica e mitigano i cambiamenti climatici.\n<\/li>\n<li>Nel caso di utilizzo come materia prima di fibre riciclate, ETS \u00e8 membro del Consiglio Europeo di carta da macero, che si impegna ad aumentare il recupero di carta in Europa. Il Consiglio europeo di carta da macero (ERPC) si \u00e8 impegnato a rispettare un obiettivo volontario di tasso di riciclaggio del 70% nell&#8217;Unione Europea (pi\u00f9 Svizzera e Norvegia) nel 2015, che \u00e8 il tasso pi\u00f9 elevato che in qualsiasi altra regione del mondo.<\/li>\n<\/ul>\n<p>Leggi l&#8217;intero ETS Position Paper su questo argomento a questo link: <a href=\"http:\/\/europeantissue.com\/wp-content\/uploads\/ETS-Position-on-Sustainable-use-of-New-and-Recovered-Fibre-Types.pdf\">Position Paper sull&#8217;uso di nuovi e recuperati Tipi fibra<\/a><\/p>\n<p>&nbsp;<\/p>\n","protected":false},"excerpt":{"rendered":"<p>Quale produttore di prodotti monouso, il settore Tissue \u00e8 impegnato a promuovere attraverso le sue attivit\u00e0 &nbsp;uno sviluppo sostenibile e questo include l&#8217;uso come materia prima di diversi tipi di fibre. L&#8217;industria del tissue produce una gamma di prodotti diversi per diverse applicazioni igieniche. La decisione di un fabbricante di utilizzare fibre riciclate o nuove  [&#8230;]<\/p>\n","protected":false},"author":101,"featured_media":7355,"comment_status":"open","ping_status":"open","sticky":false,"template":"","format":"standard","meta":{"_monsterinsights_skip_tracking":false,"_monsterinsights_sitenote_active":false,"_monsterinsights_sitenote_note":"","_monsterinsights_sitenote_category":0,"ngg_post_thumbnail":0,"footnotes":""},"categories":[29],"tags":[],"class_list":["post-7354","post","type-post","status-publish","format-standard","has-post-thumbnail","hentry","category-prese-di-posizione"],"yoast_head":"<!-- This site is optimized with the Yoast SEO plugin v26.3 - https:\/\/yoast.com\/wordpress\/plugins\/seo\/ -->\n<title>Presa di Posizione sull&#039;Uso di Fibre Nuove e Riciclate nei Prodotti - European Tissue Symposium<\/title>\n<meta name=\"robots\" content=\"index, follow, max-snippet:-1, max-image-preview:large, max-video-preview:-1\" \/>\n<link rel=\"canonical\" href=\"https:\/\/europeantissue.com\/it\/blog\/presa-di-posizione-sulluso-di-fibre-nuove-e-riciclate-nei-prodotti\/\" \/>\n<meta property=\"og:locale\" content=\"it_IT\" \/>\n<meta property=\"og:type\" content=\"article\" \/>\n<meta property=\"og:title\" content=\"Presa di Posizione sull&#039;Uso di Fibre Nuove e Riciclate nei Prodotti - European Tissue Symposium\" \/>\n<meta property=\"og:description\" content=\"Quale produttore di prodotti monouso, il settore Tissue \u00e8 impegnato a promuovere attraverso le sue attivit\u00e0 &nbsp;uno sviluppo sostenibile e questo include l&#8217;uso come materia prima di diversi tipi di fibre. L&#8217;industria del tissue produce una gamma di prodotti diversi per diverse applicazioni igieniche. La decisione di un fabbricante di utilizzare fibre riciclate o nuove [...]\" \/>\n<meta property=\"og:url\" content=\"https:\/\/europeantissue.com\/it\/blog\/presa-di-posizione-sulluso-di-fibre-nuove-e-riciclate-nei-prodotti\/\" \/>\n<meta property=\"og:site_name\" content=\"European Tissue Symposium\" \/>\n<meta property=\"article:published_time\" content=\"2023-08-30T07:38:56+00:00\" \/>\n<meta property=\"article:modified_time\" content=\"2023-09-22T10:34:40+00:00\" \/>\n<meta property=\"og:image\" content=\"https:\/\/europeantissue.com\/wp-content\/uploads\/2009\/10\/productionman.jpg\" \/>\n\t<meta property=\"og:image:width\" content=\"240\" \/>\n\t<meta property=\"og:image:height\" content=\"178\" \/>\n\t<meta property=\"og:image:type\" content=\"image\/jpeg\" \/>\n<meta name=\"author\" content=\"Dorien Cooreman\" \/>\n<meta name=\"twitter:card\" content=\"summary_large_image\" \/>\n<meta name=\"twitter:label1\" content=\"Scritto da\" \/>\n\t<meta name=\"twitter:data1\" content=\"Dorien Cooreman\" \/>\n\t<meta name=\"twitter:label2\" content=\"Tempo di lettura stimato\" \/>\n\t<meta name=\"twitter:data2\" content=\"1 minuto\" \/>\n<script type=\"application\/ld+json\" class=\"yoast-schema-graph\">{\"@context\":\"https:\/\/schema.org\",\"@graph\":[{\"@type\":\"WebPage\",\"@id\":\"https:\/\/europeantissue.com\/it\/blog\/presa-di-posizione-sulluso-di-fibre-nuove-e-riciclate-nei-prodotti\/\",\"url\":\"https:\/\/europeantissue.com\/it\/blog\/presa-di-posizione-sulluso-di-fibre-nuove-e-riciclate-nei-prodotti\/\",\"name\":\"Presa di Posizione sull'Uso di Fibre Nuove e Riciclate nei Prodotti - European Tissue Symposium\",\"isPartOf\":{\"@id\":\"https:\/\/europeantissue.com\/de\/#website\"},\"primaryImageOfPage\":{\"@id\":\"https:\/\/europeantissue.com\/it\/blog\/presa-di-posizione-sulluso-di-fibre-nuove-e-riciclate-nei-prodotti\/#primaryimage\"},\"image\":{\"@id\":\"https:\/\/europeantissue.com\/it\/blog\/presa-di-posizione-sulluso-di-fibre-nuove-e-riciclate-nei-prodotti\/#primaryimage\"},\"thumbnailUrl\":\"https:\/\/europeantissue.com\/wp-content\/uploads\/2009\/10\/productionman.jpg\",\"datePublished\":\"2023-08-30T07:38:56+00:00\",\"dateModified\":\"2023-09-22T10:34:40+00:00\",\"author\":{\"@id\":\"https:\/\/europeantissue.com\/de\/#\/schema\/person\/076a3a1dba4f143a9648c935820c3c5d\"},\"breadcrumb\":{\"@id\":\"https:\/\/europeantissue.com\/it\/blog\/presa-di-posizione-sulluso-di-fibre-nuove-e-riciclate-nei-prodotti\/#breadcrumb\"},\"inLanguage\":\"it-IT\",\"potentialAction\":[{\"@type\":\"ReadAction\",\"target\":[\"https:\/\/europeantissue.com\/it\/blog\/presa-di-posizione-sulluso-di-fibre-nuove-e-riciclate-nei-prodotti\/\"]}]},{\"@type\":\"ImageObject\",\"inLanguage\":\"it-IT\",\"@id\":\"https:\/\/europeantissue.com\/it\/blog\/presa-di-posizione-sulluso-di-fibre-nuove-e-riciclate-nei-prodotti\/#primaryimage\",\"url\":\"https:\/\/europeantissue.com\/wp-content\/uploads\/2009\/10\/productionman.jpg\",\"contentUrl\":\"https:\/\/europeantissue.com\/wp-content\/uploads\/2009\/10\/productionman.jpg\",\"width\":240,\"height\":178},{\"@type\":\"BreadcrumbList\",\"@id\":\"https:\/\/europeantissue.com\/it\/blog\/presa-di-posizione-sulluso-di-fibre-nuove-e-riciclate-nei-prodotti\/#breadcrumb\",\"itemListElement\":[{\"@type\":\"ListItem\",\"position\":1,\"name\":\"Home\",\"item\":\"https:\/\/europeantissue.com\/it\/\"},{\"@type\":\"ListItem\",\"position\":2,\"name\":\"Presa di Posizione sull&#8217;Uso di Fibre Nuove e Riciclate nei Prodotti\"}]},{\"@type\":\"WebSite\",\"@id\":\"https:\/\/europeantissue.com\/de\/#website\",\"url\":\"https:\/\/europeantissue.com\/de\/\",\"name\":\"European Tissue Symposium\",\"description\":\"\",\"potentialAction\":[{\"@type\":\"SearchAction\",\"target\":{\"@type\":\"EntryPoint\",\"urlTemplate\":\"https:\/\/europeantissue.com\/de\/?s={search_term_string}\"},\"query-input\":{\"@type\":\"PropertyValueSpecification\",\"valueRequired\":true,\"valueName\":\"search_term_string\"}}],\"inLanguage\":\"it-IT\"},{\"@type\":\"Person\",\"@id\":\"https:\/\/europeantissue.com\/de\/#\/schema\/person\/076a3a1dba4f143a9648c935820c3c5d\",\"name\":\"Dorien Cooreman\",\"image\":{\"@type\":\"ImageObject\",\"inLanguage\":\"it-IT\",\"@id\":\"https:\/\/europeantissue.com\/de\/#\/schema\/person\/image\/\",\"url\":\"https:\/\/secure.gravatar.com\/avatar\/091d5db35a5b37f0e7e89fce14138f5521a51aa57cd15b3c9e573d50e822eb26?s=96&d=mm&r=g\",\"contentUrl\":\"https:\/\/secure.gravatar.com\/avatar\/091d5db35a5b37f0e7e89fce14138f5521a51aa57cd15b3c9e573d50e822eb26?s=96&d=mm&r=g\",\"caption\":\"Dorien Cooreman\"},\"sameAs\":[\"http:\/\/www.duomedia.com\"],\"url\":\"https:\/\/europeantissue.com\/it\/blog\/author\/dorien-duomedia\/\"}]}<\/script>\n<!-- \/ Yoast SEO plugin. -->","yoast_head_json":{"title":"Presa di Posizione sull'Uso di Fibre Nuove e Riciclate nei Prodotti - European Tissue Symposium","robots":{"index":"index","follow":"follow","max-snippet":"max-snippet:-1","max-image-preview":"max-image-preview:large","max-video-preview":"max-video-preview:-1"},"canonical":"https:\/\/europeantissue.com\/it\/blog\/presa-di-posizione-sulluso-di-fibre-nuove-e-riciclate-nei-prodotti\/","og_locale":"it_IT","og_type":"article","og_title":"Presa di Posizione sull'Uso di Fibre Nuove e Riciclate nei Prodotti - European Tissue Symposium","og_description":"Quale produttore di prodotti monouso, il settore Tissue \u00e8 impegnato a promuovere attraverso le sue attivit\u00e0 &nbsp;uno sviluppo sostenibile e questo include l&#8217;uso come materia prima di diversi tipi di fibre. L&#8217;industria del tissue produce una gamma di prodotti diversi per diverse applicazioni igieniche. La decisione di un fabbricante di utilizzare fibre riciclate o nuove [...]","og_url":"https:\/\/europeantissue.com\/it\/blog\/presa-di-posizione-sulluso-di-fibre-nuove-e-riciclate-nei-prodotti\/","og_site_name":"European Tissue Symposium","article_published_time":"2023-08-30T07:38:56+00:00","article_modified_time":"2023-09-22T10:34:40+00:00","og_image":[{"width":240,"height":178,"url":"https:\/\/europeantissue.com\/wp-content\/uploads\/2009\/10\/productionman.jpg","type":"image\/jpeg"}],"author":"Dorien Cooreman","twitter_card":"summary_large_image","twitter_misc":{"Scritto da":"Dorien Cooreman","Tempo di lettura stimato":"1 minuto"},"schema":{"@context":"https:\/\/schema.org","@graph":[{"@type":"WebPage","@id":"https:\/\/europeantissue.com\/it\/blog\/presa-di-posizione-sulluso-di-fibre-nuove-e-riciclate-nei-prodotti\/","url":"https:\/\/europeantissue.com\/it\/blog\/presa-di-posizione-sulluso-di-fibre-nuove-e-riciclate-nei-prodotti\/","name":"Presa di Posizione sull'Uso di Fibre Nuove e Riciclate nei Prodotti - European Tissue Symposium","isPartOf":{"@id":"https:\/\/europeantissue.com\/de\/#website"},"primaryImageOfPage":{"@id":"https:\/\/europeantissue.com\/it\/blog\/presa-di-posizione-sulluso-di-fibre-nuove-e-riciclate-nei-prodotti\/#primaryimage"},"image":{"@id":"https:\/\/europeantissue.com\/it\/blog\/presa-di-posizione-sulluso-di-fibre-nuove-e-riciclate-nei-prodotti\/#primaryimage"},"thumbnailUrl":"https:\/\/europeantissue.com\/wp-content\/uploads\/2009\/10\/productionman.jpg","datePublished":"2023-08-30T07:38:56+00:00","dateModified":"2023-09-22T10:34:40+00:00","author":{"@id":"https:\/\/europeantissue.com\/de\/#\/schema\/person\/076a3a1dba4f143a9648c935820c3c5d"},"breadcrumb":{"@id":"https:\/\/europeantissue.com\/it\/blog\/presa-di-posizione-sulluso-di-fibre-nuove-e-riciclate-nei-prodotti\/#breadcrumb"},"inLanguage":"it-IT","potentialAction":[{"@type":"ReadAction","target":["https:\/\/europeantissue.com\/it\/blog\/presa-di-posizione-sulluso-di-fibre-nuove-e-riciclate-nei-prodotti\/"]}]},{"@type":"ImageObject","inLanguage":"it-IT","@id":"https:\/\/europeantissue.com\/it\/blog\/presa-di-posizione-sulluso-di-fibre-nuove-e-riciclate-nei-prodotti\/#primaryimage","url":"https:\/\/europeantissue.com\/wp-content\/uploads\/2009\/10\/productionman.jpg","contentUrl":"https:\/\/europeantissue.com\/wp-content\/uploads\/2009\/10\/productionman.jpg","width":240,"height":178},{"@type":"BreadcrumbList","@id":"https:\/\/europeantissue.com\/it\/blog\/presa-di-posizione-sulluso-di-fibre-nuove-e-riciclate-nei-prodotti\/#breadcrumb","itemListElement":[{"@type":"ListItem","position":1,"name":"Home","item":"https:\/\/europeantissue.com\/it\/"},{"@type":"ListItem","position":2,"name":"Presa di Posizione sull&#8217;Uso di Fibre Nuove e Riciclate nei Prodotti"}]},{"@type":"WebSite","@id":"https:\/\/europeantissue.com\/de\/#website","url":"https:\/\/europeantissue.com\/de\/","name":"European Tissue Symposium","description":"","potentialAction":[{"@type":"SearchAction","target":{"@type":"EntryPoint","urlTemplate":"https:\/\/europeantissue.com\/de\/?s={search_term_string}"},"query-input":{"@type":"PropertyValueSpecification","valueRequired":true,"valueName":"search_term_string"}}],"inLanguage":"it-IT"},{"@type":"Person","@id":"https:\/\/europeantissue.com\/de\/#\/schema\/person\/076a3a1dba4f143a9648c935820c3c5d","name":"Dorien Cooreman","image":{"@type":"ImageObject","inLanguage":"it-IT","@id":"https:\/\/europeantissue.com\/de\/#\/schema\/person\/image\/","url":"https:\/\/secure.gravatar.com\/avatar\/091d5db35a5b37f0e7e89fce14138f5521a51aa57cd15b3c9e573d50e822eb26?s=96&d=mm&r=g","contentUrl":"https:\/\/secure.gravatar.com\/avatar\/091d5db35a5b37f0e7e89fce14138f5521a51aa57cd15b3c9e573d50e822eb26?s=96&d=mm&r=g","caption":"Dorien Cooreman"},"sameAs":["http:\/\/www.duomedia.com"],"url":"https:\/\/europeantissue.com\/it\/blog\/author\/dorien-duomedia\/"}]}},"_links":{"self":[{"href":"https:\/\/europeantissue.com\/it\/wp-json\/wp\/v2\/posts\/7354","targetHints":{"allow":["GET"]}}],"collection":[{"href":"https:\/\/europeantissue.com\/it\/wp-json\/wp\/v2\/posts"}],"about":[{"href":"https:\/\/europeantissue.com\/it\/wp-json\/wp\/v2\/types\/post"}],"author":[{"embeddable":true,"href":"https:\/\/europeantissue.com\/it\/wp-json\/wp\/v2\/users\/101"}],"replies":[{"embeddable":true,"href":"https:\/\/europeantissue.com\/it\/wp-json\/wp\/v2\/comments?post=7354"}],"version-history":[{"count":0,"href":"https:\/\/europeantissue.com\/it\/wp-json\/wp\/v2\/posts\/7354\/revisions"}],"wp:featuredmedia":[{"embeddable":true,"href":"https:\/\/europeantissue.com\/it\/wp-json\/wp\/v2\/media\/7355"}],"wp:attachment":[{"href":"https:\/\/europeantissue.com\/it\/wp-json\/wp\/v2\/media?parent=7354"}],"wp:term":[{"taxonomy":"category","embeddable":true,"href":"https:\/\/europeantissue.com\/it\/wp-json\/wp\/v2\/categories?post=7354"},{"taxonomy":"post_tag","embeddable":true,"href":"https:\/\/europeantissue.com\/it\/wp-json\/wp\/v2\/tags?post=7354"}],"curies":[{"name":"wp","href":"https:\/\/api.w.org\/{rel}","templated":true}]}}