 {"id":13224,"date":"2022-04-21T12:14:41","date_gmt":"2022-04-21T12:14:41","guid":{"rendered":"https:\/\/europeantissue.com\/blog\/european-tissue-symposium-sara-presente-a-rai-interclean-2022-di-maggio\/"},"modified":"2022-04-21T12:14:42","modified_gmt":"2022-04-21T12:14:42","slug":"european-tissue-symposium-sara-presente-a-rai-interclean-2022-di-maggio","status":"publish","type":"post","link":"https:\/\/europeantissue.com\/it\/blog\/european-tissue-symposium-sara-presente-a-rai-interclean-2022-di-maggio\/","title":{"rendered":"European Tissue Symposium sar\u00e0 presente a RAI\/Interclean 2022 di maggio"},"content":{"rendered":"<div class=\"fusion-fullwidth fullwidth-box fusion-builder-row-1 fusion-flex-container nonhundred-percent-fullwidth non-hundred-percent-height-scrolling\" style=\"--awb-border-radius-top-left:0px;--awb-border-radius-top-right:0px;--awb-border-radius-bottom-right:0px;--awb-border-radius-bottom-left:0px;--awb-flex-wrap:wrap;\" ><div class=\"fusion-builder-row fusion-row fusion-flex-align-items-flex-start fusion-flex-content-wrap\" style=\"max-width:1040px;margin-left: calc(-4% \/ 2 );margin-right: calc(-4% \/ 2 );\"><div class=\"fusion-layout-column fusion_builder_column fusion-builder-column-0 fusion_builder_column_1_1 1_1 fusion-flex-column\" style=\"--awb-bg-size:cover;--awb-width-large:100%;--awb-margin-top-large:0px;--awb-spacing-right-large:1.92%;--awb-margin-bottom-large:0px;--awb-spacing-left-large:1.92%;--awb-width-medium:100%;--awb-spacing-right-medium:1.92%;--awb-spacing-left-medium:1.92%;--awb-width-small:100%;--awb-spacing-right-small:1.92%;--awb-spacing-left-small:1.92%;\"><div class=\"fusion-column-wrapper fusion-flex-justify-content-flex-start fusion-content-layout-column\"><div class=\"fusion-text fusion-text-1\"><p><strong><em>Stand 03.501<\/em><\/strong><\/p>\n<p><strong>Bruxelles, Belgio, 19 aprile 2022 <\/strong><em>&#8211;<\/em> European Tissue Symposium (ETS) sar\u00e0 presente all&#8217;edizione di quest&#8217;anno di RAI\/Interclean, che si terr\u00e0 ad Amsterdam dal 10 al 13 maggio.<\/p>\n<p>Interclean Amsterdam \u00e8 la pi\u00f9 grande comunit\u00e0 di pulizia professionale del mondo, accoglie i principali produttori e professionisti del settore delle pulizie e dell&#8217;igiene provenienti da tutto il pianeta.<\/p>\n<p>L&#8217;igiene \u00e8 stata una priorit\u00e0 per tutte le aziende negli ultimi due anni. Pertanto l&#8217;evento di quest&#8217;anno sar\u00e0 accolto con particolare interesse e i visitatori sono desiderosi di esplorare le ultime soluzioni innovative e di stare al passo con i pi\u00f9 recenti sviluppi e tendenze del mercato.<\/p>\n<p>La carta tissue ha svolto un ruolo chiave per l&#8217;igiene durante la pandemia di Covid-19, sia in ambito professionale che domestico. La sua efficacia nel fornire un&#8217;igiene delle mani ottimale come metodo di asciugatura dopo il lavaggio nei bagni pubblici \u00e8 stata particolarmente evidente. La carta ha inoltre ricoperto un ruolo essenziale nel mantenimento dell&#8217;igiene nel settore HORECA alla riapertura di ristoranti e bar.<\/p>\n<p>Lo stand ETS illustrer\u00e0 le caratteristiche igieniche esclusive della carta e presenter\u00e0 una serie di studi scientifici per dimostrare la sua efficacia nel ridurre la diffusione di infezioni dopo una visita ai bagni. Saranno evidenziate anche le sue caratteristiche in senso pi\u00f9 ampio come prodotto sostenibile e facile da usare in ambito HORECA, business e approvvigionamento.<\/p>\n<p>Oltre 20.000 partecipanti sono attesi durante i quattro giorni dell&#8217;evento, con sessioni dedicate a temi all&#8217;avanguardia e alle tecnologie del futuro. ETS sar\u00e0 presente nello stand 501 del padiglione 3.<\/p>\n<p><em>\u00a0<\/em><\/p>\n<p><em>RAI\/Interclean 2022 si svolger\u00e0 dal 10 al 13 maggio dalle 10:00 alle 17:30, presso RAI Amsterdam, Europaplein, 1078 GZ Amsterdam, Paesi Bassi<\/em>.<\/p>\n<p>&nbsp;<\/p>\n<\/div><div ><a class=\"fusion-button button-flat fusion-button-default-size button-default fusion-button-default button-1 fusion-button-default-span fusion-button-default-type fusion-animated\" data-animationType=\"fadeInLeft\" data-animationDuration=\"0.3\" data-animationOffset=\"top-into-view\" target=\"_self\" href=\"mailto:dorien.c@duomedia.com\"><span class=\"fusion-button-text awb-button__text awb-button__text--default\">Questions?<\/span><\/a><\/div><\/div><\/div><\/div><\/div>\n","protected":false},"excerpt":{"rendered":"","protected":false},"author":16,"featured_media":13214,"comment_status":"open","ping_status":"open","sticky":false,"template":"","format":"standard","meta":{"_monsterinsights_skip_tracking":false,"_monsterinsights_sitenote_active":false,"_monsterinsights_sitenote_note":"","_monsterinsights_sitenote_category":0,"ngg_post_thumbnail":0,"footnotes":""},"categories":[22],"tags":[114,111,112,110,113],"class_list":["post-13224","post","type-post","status-publish","format-standard","has-post-thumbnail","hentry","category-news-it","tag-amsterdam-it","tag-ets-it","tag-european-tissue-symposium-it","tag-interclean-it","tag-rai-it"],"yoast_head":"<!-- This site is optimized with the Yoast SEO plugin v26.3 - https:\/\/yoast.com\/wordpress\/plugins\/seo\/ -->\n<title>European Tissue Symposium sar\u00e0 presente a RAI\/Interclean 2022 di maggio - European Tissue Symposium<\/title>\n<meta name=\"description\" content=\"European Tissue Symposium (ETS) sar\u00e0 presente all&#039;edizione di quest&#039;anno di RAI\/Interclean, che si terr\u00e0 ad Amsterdam dal 10 al 13 maggio. Interclean Amsterdam \u00e8 la pi\u00f9 grande comunit\u00e0 di pulizia professionale del mondo, accoglie i principali produttori e professionisti del settore delle pulizie e dell&#039;igiene provenienti da tutto il pianeta.\" \/>\n<meta name=\"robots\" content=\"index, follow, max-snippet:-1, max-image-preview:large, max-video-preview:-1\" \/>\n<link rel=\"canonical\" href=\"https:\/\/europeantissue.com\/it\/blog\/european-tissue-symposium-sara-presente-a-rai-interclean-2022-di-maggio\/\" \/>\n<meta property=\"og:locale\" content=\"it_IT\" \/>\n<meta property=\"og:type\" content=\"article\" \/>\n<meta property=\"og:title\" content=\"European Tissue Symposium sar\u00e0 presente a RAI\/Interclean 2022 di maggio - European Tissue Symposium\" \/>\n<meta property=\"og:description\" content=\"European Tissue Symposium (ETS) sar\u00e0 presente all&#039;edizione di quest&#039;anno di RAI\/Interclean, che si terr\u00e0 ad Amsterdam dal 10 al 13 maggio. Interclean Amsterdam \u00e8 la pi\u00f9 grande comunit\u00e0 di pulizia professionale del mondo, accoglie i principali produttori e professionisti del settore delle pulizie e dell&#039;igiene provenienti da tutto il pianeta.\" \/>\n<meta property=\"og:url\" content=\"https:\/\/europeantissue.com\/it\/blog\/european-tissue-symposium-sara-presente-a-rai-interclean-2022-di-maggio\/\" \/>\n<meta property=\"og:site_name\" content=\"European Tissue Symposium\" \/>\n<meta property=\"article:published_time\" content=\"2022-04-21T12:14:41+00:00\" \/>\n<meta property=\"article:modified_time\" content=\"2022-04-21T12:14:42+00:00\" \/>\n<meta property=\"og:image\" content=\"https:\/\/europeantissue.com\/wp-content\/uploads\/2022\/04\/ETS_pr22001_PR_RAI-Interclean-Amsterdam.png\" \/>\n\t<meta property=\"og:image:width\" content=\"1053\" \/>\n\t<meta property=\"og:image:height\" content=\"520\" \/>\n\t<meta property=\"og:image:type\" content=\"image\/png\" \/>\n<meta name=\"author\" content=\"roberto berardi\" \/>\n<meta name=\"twitter:card\" content=\"summary_large_image\" \/>\n<meta name=\"twitter:label1\" content=\"Scritto da\" \/>\n\t<meta name=\"twitter:data1\" content=\"roberto berardi\" \/>\n\t<meta name=\"twitter:label2\" content=\"Tempo di lettura stimato\" \/>\n\t<meta name=\"twitter:data2\" content=\"2 minuti\" \/>\n<script type=\"application\/ld+json\" class=\"yoast-schema-graph\">{\"@context\":\"https:\/\/schema.org\",\"@graph\":[{\"@type\":\"WebPage\",\"@id\":\"https:\/\/europeantissue.com\/it\/blog\/european-tissue-symposium-sara-presente-a-rai-interclean-2022-di-maggio\/\",\"url\":\"https:\/\/europeantissue.com\/it\/blog\/european-tissue-symposium-sara-presente-a-rai-interclean-2022-di-maggio\/\",\"name\":\"European Tissue Symposium sar\u00e0 presente a RAI\/Interclean 2022 di maggio - European Tissue Symposium\",\"isPartOf\":{\"@id\":\"https:\/\/europeantissue.com\/de\/#website\"},\"primaryImageOfPage\":{\"@id\":\"https:\/\/europeantissue.com\/it\/blog\/european-tissue-symposium-sara-presente-a-rai-interclean-2022-di-maggio\/#primaryimage\"},\"image\":{\"@id\":\"https:\/\/europeantissue.com\/it\/blog\/european-tissue-symposium-sara-presente-a-rai-interclean-2022-di-maggio\/#primaryimage\"},\"thumbnailUrl\":\"https:\/\/europeantissue.com\/wp-content\/uploads\/2022\/04\/ETS_pr22001_PR_RAI-Interclean-Amsterdam.png\",\"datePublished\":\"2022-04-21T12:14:41+00:00\",\"dateModified\":\"2022-04-21T12:14:42+00:00\",\"author\":{\"@id\":\"https:\/\/europeantissue.com\/de\/#\/schema\/person\/9a495baeaeb5491be953d0a6470cde37\"},\"description\":\"European Tissue Symposium (ETS) sar\u00e0 presente all'edizione di quest'anno di RAI\/Interclean, che si terr\u00e0 ad Amsterdam dal 10 al 13 maggio. Interclean Amsterdam \u00e8 la pi\u00f9 grande comunit\u00e0 di pulizia professionale del mondo, accoglie i principali produttori e professionisti del settore delle pulizie e dell'igiene provenienti da tutto il pianeta.\",\"breadcrumb\":{\"@id\":\"https:\/\/europeantissue.com\/it\/blog\/european-tissue-symposium-sara-presente-a-rai-interclean-2022-di-maggio\/#breadcrumb\"},\"inLanguage\":\"it-IT\",\"potentialAction\":[{\"@type\":\"ReadAction\",\"target\":[\"https:\/\/europeantissue.com\/it\/blog\/european-tissue-symposium-sara-presente-a-rai-interclean-2022-di-maggio\/\"]}]},{\"@type\":\"ImageObject\",\"inLanguage\":\"it-IT\",\"@id\":\"https:\/\/europeantissue.com\/it\/blog\/european-tissue-symposium-sara-presente-a-rai-interclean-2022-di-maggio\/#primaryimage\",\"url\":\"https:\/\/europeantissue.com\/wp-content\/uploads\/2022\/04\/ETS_pr22001_PR_RAI-Interclean-Amsterdam.png\",\"contentUrl\":\"https:\/\/europeantissue.com\/wp-content\/uploads\/2022\/04\/ETS_pr22001_PR_RAI-Interclean-Amsterdam.png\",\"width\":1053,\"height\":520},{\"@type\":\"BreadcrumbList\",\"@id\":\"https:\/\/europeantissue.com\/it\/blog\/european-tissue-symposium-sara-presente-a-rai-interclean-2022-di-maggio\/#breadcrumb\",\"itemListElement\":[{\"@type\":\"ListItem\",\"position\":1,\"name\":\"Home\",\"item\":\"https:\/\/europeantissue.com\/it\/\"},{\"@type\":\"ListItem\",\"position\":2,\"name\":\"European Tissue Symposium sar\u00e0 presente a RAI\/Interclean 2022 di maggio\"}]},{\"@type\":\"WebSite\",\"@id\":\"https:\/\/europeantissue.com\/de\/#website\",\"url\":\"https:\/\/europeantissue.com\/de\/\",\"name\":\"European Tissue Symposium\",\"description\":\"\",\"potentialAction\":[{\"@type\":\"SearchAction\",\"target\":{\"@type\":\"EntryPoint\",\"urlTemplate\":\"https:\/\/europeantissue.com\/de\/?s={search_term_string}\"},\"query-input\":{\"@type\":\"PropertyValueSpecification\",\"valueRequired\":true,\"valueName\":\"search_term_string\"}}],\"inLanguage\":\"it-IT\"},{\"@type\":\"Person\",\"@id\":\"https:\/\/europeantissue.com\/de\/#\/schema\/person\/9a495baeaeb5491be953d0a6470cde37\",\"name\":\"roberto berardi\",\"image\":{\"@type\":\"ImageObject\",\"inLanguage\":\"it-IT\",\"@id\":\"https:\/\/europeantissue.com\/de\/#\/schema\/person\/image\/\",\"url\":\"https:\/\/secure.gravatar.com\/avatar\/79e9bff854badad03bb7adb1900b97a7d3e69988006e9731b97df571c00e7e63?s=96&d=mm&r=g\",\"contentUrl\":\"https:\/\/secure.gravatar.com\/avatar\/79e9bff854badad03bb7adb1900b97a7d3e69988006e9731b97df571c00e7e63?s=96&d=mm&r=g\",\"caption\":\"roberto berardi\"},\"url\":\"https:\/\/europeantissue.com\/it\/blog\/author\/roberto-berardi\/\"}]}<\/script>\n<!-- \/ Yoast SEO plugin. -->","yoast_head_json":{"title":"European Tissue Symposium sar\u00e0 presente a RAI\/Interclean 2022 di maggio - European Tissue Symposium","description":"European Tissue Symposium (ETS) sar\u00e0 presente all'edizione di quest'anno di RAI\/Interclean, che si terr\u00e0 ad Amsterdam dal 10 al 13 maggio. Interclean Amsterdam \u00e8 la pi\u00f9 grande comunit\u00e0 di pulizia professionale del mondo, accoglie i principali produttori e professionisti del settore delle pulizie e dell'igiene provenienti da tutto il pianeta.","robots":{"index":"index","follow":"follow","max-snippet":"max-snippet:-1","max-image-preview":"max-image-preview:large","max-video-preview":"max-video-preview:-1"},"canonical":"https:\/\/europeantissue.com\/it\/blog\/european-tissue-symposium-sara-presente-a-rai-interclean-2022-di-maggio\/","og_locale":"it_IT","og_type":"article","og_title":"European Tissue Symposium sar\u00e0 presente a RAI\/Interclean 2022 di maggio - European Tissue Symposium","og_description":"European Tissue Symposium (ETS) sar\u00e0 presente all'edizione di quest'anno di RAI\/Interclean, che si terr\u00e0 ad Amsterdam dal 10 al 13 maggio. Interclean Amsterdam \u00e8 la pi\u00f9 grande comunit\u00e0 di pulizia professionale del mondo, accoglie i principali produttori e professionisti del settore delle pulizie e dell'igiene provenienti da tutto il pianeta.","og_url":"https:\/\/europeantissue.com\/it\/blog\/european-tissue-symposium-sara-presente-a-rai-interclean-2022-di-maggio\/","og_site_name":"European Tissue Symposium","article_published_time":"2022-04-21T12:14:41+00:00","article_modified_time":"2022-04-21T12:14:42+00:00","og_image":[{"width":1053,"height":520,"url":"https:\/\/europeantissue.com\/wp-content\/uploads\/2022\/04\/ETS_pr22001_PR_RAI-Interclean-Amsterdam.png","type":"image\/png"}],"author":"roberto berardi","twitter_card":"summary_large_image","twitter_misc":{"Scritto da":"roberto berardi","Tempo di lettura stimato":"2 minuti"},"schema":{"@context":"https:\/\/schema.org","@graph":[{"@type":"WebPage","@id":"https:\/\/europeantissue.com\/it\/blog\/european-tissue-symposium-sara-presente-a-rai-interclean-2022-di-maggio\/","url":"https:\/\/europeantissue.com\/it\/blog\/european-tissue-symposium-sara-presente-a-rai-interclean-2022-di-maggio\/","name":"European Tissue Symposium sar\u00e0 presente a RAI\/Interclean 2022 di maggio - European Tissue Symposium","isPartOf":{"@id":"https:\/\/europeantissue.com\/de\/#website"},"primaryImageOfPage":{"@id":"https:\/\/europeantissue.com\/it\/blog\/european-tissue-symposium-sara-presente-a-rai-interclean-2022-di-maggio\/#primaryimage"},"image":{"@id":"https:\/\/europeantissue.com\/it\/blog\/european-tissue-symposium-sara-presente-a-rai-interclean-2022-di-maggio\/#primaryimage"},"thumbnailUrl":"https:\/\/europeantissue.com\/wp-content\/uploads\/2022\/04\/ETS_pr22001_PR_RAI-Interclean-Amsterdam.png","datePublished":"2022-04-21T12:14:41+00:00","dateModified":"2022-04-21T12:14:42+00:00","author":{"@id":"https:\/\/europeantissue.com\/de\/#\/schema\/person\/9a495baeaeb5491be953d0a6470cde37"},"description":"European Tissue Symposium (ETS) sar\u00e0 presente all'edizione di quest'anno di RAI\/Interclean, che si terr\u00e0 ad Amsterdam dal 10 al 13 maggio. Interclean Amsterdam \u00e8 la pi\u00f9 grande comunit\u00e0 di pulizia professionale del mondo, accoglie i principali produttori e professionisti del settore delle pulizie e dell'igiene provenienti da tutto il pianeta.","breadcrumb":{"@id":"https:\/\/europeantissue.com\/it\/blog\/european-tissue-symposium-sara-presente-a-rai-interclean-2022-di-maggio\/#breadcrumb"},"inLanguage":"it-IT","potentialAction":[{"@type":"ReadAction","target":["https:\/\/europeantissue.com\/it\/blog\/european-tissue-symposium-sara-presente-a-rai-interclean-2022-di-maggio\/"]}]},{"@type":"ImageObject","inLanguage":"it-IT","@id":"https:\/\/europeantissue.com\/it\/blog\/european-tissue-symposium-sara-presente-a-rai-interclean-2022-di-maggio\/#primaryimage","url":"https:\/\/europeantissue.com\/wp-content\/uploads\/2022\/04\/ETS_pr22001_PR_RAI-Interclean-Amsterdam.png","contentUrl":"https:\/\/europeantissue.com\/wp-content\/uploads\/2022\/04\/ETS_pr22001_PR_RAI-Interclean-Amsterdam.png","width":1053,"height":520},{"@type":"BreadcrumbList","@id":"https:\/\/europeantissue.com\/it\/blog\/european-tissue-symposium-sara-presente-a-rai-interclean-2022-di-maggio\/#breadcrumb","itemListElement":[{"@type":"ListItem","position":1,"name":"Home","item":"https:\/\/europeantissue.com\/it\/"},{"@type":"ListItem","position":2,"name":"European Tissue Symposium sar\u00e0 presente a RAI\/Interclean 2022 di maggio"}]},{"@type":"WebSite","@id":"https:\/\/europeantissue.com\/de\/#website","url":"https:\/\/europeantissue.com\/de\/","name":"European Tissue Symposium","description":"","potentialAction":[{"@type":"SearchAction","target":{"@type":"EntryPoint","urlTemplate":"https:\/\/europeantissue.com\/de\/?s={search_term_string}"},"query-input":{"@type":"PropertyValueSpecification","valueRequired":true,"valueName":"search_term_string"}}],"inLanguage":"it-IT"},{"@type":"Person","@id":"https:\/\/europeantissue.com\/de\/#\/schema\/person\/9a495baeaeb5491be953d0a6470cde37","name":"roberto berardi","image":{"@type":"ImageObject","inLanguage":"it-IT","@id":"https:\/\/europeantissue.com\/de\/#\/schema\/person\/image\/","url":"https:\/\/secure.gravatar.com\/avatar\/79e9bff854badad03bb7adb1900b97a7d3e69988006e9731b97df571c00e7e63?s=96&d=mm&r=g","contentUrl":"https:\/\/secure.gravatar.com\/avatar\/79e9bff854badad03bb7adb1900b97a7d3e69988006e9731b97df571c00e7e63?s=96&d=mm&r=g","caption":"roberto berardi"},"url":"https:\/\/europeantissue.com\/it\/blog\/author\/roberto-berardi\/"}]}},"_links":{"self":[{"href":"https:\/\/europeantissue.com\/it\/wp-json\/wp\/v2\/posts\/13224","targetHints":{"allow":["GET"]}}],"collection":[{"href":"https:\/\/europeantissue.com\/it\/wp-json\/wp\/v2\/posts"}],"about":[{"href":"https:\/\/europeantissue.com\/it\/wp-json\/wp\/v2\/types\/post"}],"author":[{"embeddable":true,"href":"https:\/\/europeantissue.com\/it\/wp-json\/wp\/v2\/users\/16"}],"replies":[{"embeddable":true,"href":"https:\/\/europeantissue.com\/it\/wp-json\/wp\/v2\/comments?post=13224"}],"version-history":[{"count":0,"href":"https:\/\/europeantissue.com\/it\/wp-json\/wp\/v2\/posts\/13224\/revisions"}],"wp:featuredmedia":[{"embeddable":true,"href":"https:\/\/europeantissue.com\/it\/wp-json\/wp\/v2\/media\/13214"}],"wp:attachment":[{"href":"https:\/\/europeantissue.com\/it\/wp-json\/wp\/v2\/media?parent=13224"}],"wp:term":[{"taxonomy":"category","embeddable":true,"href":"https:\/\/europeantissue.com\/it\/wp-json\/wp\/v2\/categories?post=13224"},{"taxonomy":"post_tag","embeddable":true,"href":"https:\/\/europeantissue.com\/it\/wp-json\/wp\/v2\/tags?post=13224"}],"curies":[{"name":"wp","href":"https:\/\/api.w.org\/{rel}","templated":true}]}}