 {"id":11293,"date":"2020-04-17T17:12:04","date_gmt":"2020-04-17T17:12:04","guid":{"rendered":"http:\/\/europeantissue.com\/?p=11293"},"modified":"2020-04-17T17:12:50","modified_gmt":"2020-04-17T17:12:50","slug":"hygiene-reguliere-et-sure-des-mains-de-tedros-adhanom-ghebreyesus-directeur-general-de-lorganisation-mondiale-de-la-sante","status":"publish","type":"post","link":"https:\/\/europeantissue.com\/fr\/blog\/hygiene-reguliere-et-sure-des-mains-de-tedros-adhanom-ghebreyesus-directeur-general-de-lorganisation-mondiale-de-la-sante\/","title":{"rendered":"Hygi\u00e8ne r\u00e9guli\u00e8re et s\u00fbre des mains, de Tedros Adhanom Ghebreyesus, directeur g\u00e9n\u00e9ral de l&rsquo;Organisation mondiale de la sant\u00e9"},"content":{"rendered":"<h2><span style=\"color: #0000ff;\"><strong>Dans la vid\u00e9o suivante Tedros Adhanom Ghebreyesus,<\/strong><\/span><br \/>\n<span style=\"color: #0000ff;\"><strong>Directeur g\u00e9n\u00e9ral de l&rsquo;Organisation mondiale de la sant\u00e9,<\/strong><\/span><br \/>\n<span style=\"color: #0000ff;\"><strong>explique comment bien se laver les mains<\/strong><\/span><br \/>\n<span style=\"color: #0000ff;\"><strong>et les s\u00e9cher pour \u00e9viter la contamination par le virus Corona.<\/strong><\/span><\/h2>\n<div style=\"width: 736px;\" class=\"wp-video\"><video class=\"wp-video-shortcode\" id=\"video-11293-1\" width=\"736\" height=\"856\" preload=\"metadata\" controls=\"controls\"><source type=\"video\/mp4\" src=\"https:\/\/europeantissue.com\/wp-content\/uploads\/2020\/04\/Tedros-Adhanom-Ghebreyesus-Video-on-Handwashing-for-Coronavirus.mp4?_=1\" \/><a href=\"https:\/\/europeantissue.com\/wp-content\/uploads\/2020\/04\/Tedros-Adhanom-Ghebreyesus-Video-on-Handwashing-for-Coronavirus.mp4\">https:\/\/europeantissue.com\/wp-content\/uploads\/2020\/04\/Tedros-Adhanom-Ghebreyesus-Video-on-Handwashing-for-Coronavirus.mp4<\/a><\/video><\/div>\n","protected":false},"excerpt":{"rendered":"<p>Dans la vid\u00e9o suivante Tedros Adhanom Ghebreyesus, Directeur g\u00e9n\u00e9ral de l&rsquo;Organisation mondiale de la sant\u00e9, explique comment bien se laver les mains et les s\u00e9cher pour \u00e9viter la contamination par le virus Corona.<\/p>\n","protected":false},"author":16,"featured_media":11273,"comment_status":"open","ping_status":"open","sticky":false,"template":"","format":"standard","meta":{"_monsterinsights_skip_tracking":false,"_monsterinsights_sitenote_active":false,"_monsterinsights_sitenote_note":"","_monsterinsights_sitenote_category":0,"ngg_post_thumbnail":0,"footnotes":""},"categories":[35],"tags":[],"class_list":["post-11293","post","type-post","status-publish","format-standard","has-post-thumbnail","hentry","category-actualites-fr"],"yoast_head":"<!-- This site is optimized with the Yoast SEO plugin v26.3 - https:\/\/yoast.com\/wordpress\/plugins\/seo\/ -->\n<title>Hygi\u00e8ne r\u00e9guli\u00e8re et s\u00fbre des mains, de Tedros Adhanom Ghebreyesus, directeur g\u00e9n\u00e9ral de l&#039;Organisation mondiale de la sant\u00e9 - European Tissue Symposium<\/title>\n<meta name=\"robots\" content=\"index, follow, max-snippet:-1, max-image-preview:large, max-video-preview:-1\" \/>\n<link rel=\"canonical\" href=\"https:\/\/europeantissue.com\/fr\/blog\/hygiene-reguliere-et-sure-des-mains-de-tedros-adhanom-ghebreyesus-directeur-general-de-lorganisation-mondiale-de-la-sante\/\" \/>\n<meta property=\"og:locale\" content=\"fr_FR\" \/>\n<meta property=\"og:type\" content=\"article\" \/>\n<meta property=\"og:title\" content=\"Hygi\u00e8ne r\u00e9guli\u00e8re et s\u00fbre des mains, de Tedros Adhanom Ghebreyesus, directeur g\u00e9n\u00e9ral de l&#039;Organisation mondiale de la sant\u00e9 - European Tissue Symposium\" \/>\n<meta property=\"og:description\" content=\"Dans la vid\u00e9o suivante Tedros Adhanom Ghebreyesus, Directeur g\u00e9n\u00e9ral de l&rsquo;Organisation mondiale de la sant\u00e9, explique comment bien se laver les mains et les s\u00e9cher pour \u00e9viter la contamination par le virus Corona.\" \/>\n<meta property=\"og:url\" content=\"https:\/\/europeantissue.com\/fr\/blog\/hygiene-reguliere-et-sure-des-mains-de-tedros-adhanom-ghebreyesus-directeur-general-de-lorganisation-mondiale-de-la-sante\/\" \/>\n<meta property=\"og:site_name\" content=\"European Tissue Symposium\" \/>\n<meta property=\"article:published_time\" content=\"2020-04-17T17:12:04+00:00\" \/>\n<meta property=\"article:modified_time\" content=\"2020-04-17T17:12:50+00:00\" \/>\n<meta property=\"og:image\" content=\"https:\/\/europeantissue.com\/wp-content\/uploads\/2020\/04\/Tedros-Adhanom-Ghebreyesus-Video-on-Handwashing-for-Coronavirus-image-1.jpg\" \/>\n\t<meta property=\"og:image:width\" content=\"495\" \/>\n\t<meta property=\"og:image:height\" content=\"548\" \/>\n\t<meta property=\"og:image:type\" content=\"image\/jpeg\" \/>\n<meta name=\"author\" content=\"roberto berardi\" \/>\n<meta name=\"twitter:card\" content=\"summary_large_image\" \/>\n<meta name=\"twitter:label1\" content=\"\u00c9crit par\" \/>\n\t<meta name=\"twitter:data1\" content=\"roberto berardi\" \/>\n<script type=\"application\/ld+json\" class=\"yoast-schema-graph\">{\"@context\":\"https:\/\/schema.org\",\"@graph\":[{\"@type\":\"WebPage\",\"@id\":\"https:\/\/europeantissue.com\/fr\/blog\/hygiene-reguliere-et-sure-des-mains-de-tedros-adhanom-ghebreyesus-directeur-general-de-lorganisation-mondiale-de-la-sante\/\",\"url\":\"https:\/\/europeantissue.com\/fr\/blog\/hygiene-reguliere-et-sure-des-mains-de-tedros-adhanom-ghebreyesus-directeur-general-de-lorganisation-mondiale-de-la-sante\/\",\"name\":\"Hygi\u00e8ne r\u00e9guli\u00e8re et s\u00fbre des mains, de Tedros Adhanom Ghebreyesus, directeur g\u00e9n\u00e9ral de l'Organisation mondiale de la sant\u00e9 - European Tissue Symposium\",\"isPartOf\":{\"@id\":\"https:\/\/europeantissue.com\/de\/#website\"},\"primaryImageOfPage\":{\"@id\":\"https:\/\/europeantissue.com\/fr\/blog\/hygiene-reguliere-et-sure-des-mains-de-tedros-adhanom-ghebreyesus-directeur-general-de-lorganisation-mondiale-de-la-sante\/#primaryimage\"},\"image\":{\"@id\":\"https:\/\/europeantissue.com\/fr\/blog\/hygiene-reguliere-et-sure-des-mains-de-tedros-adhanom-ghebreyesus-directeur-general-de-lorganisation-mondiale-de-la-sante\/#primaryimage\"},\"thumbnailUrl\":\"https:\/\/europeantissue.com\/wp-content\/uploads\/2020\/04\/Tedros-Adhanom-Ghebreyesus-Video-on-Handwashing-for-Coronavirus-image-1.jpg\",\"datePublished\":\"2020-04-17T17:12:04+00:00\",\"dateModified\":\"2020-04-17T17:12:50+00:00\",\"author\":{\"@id\":\"https:\/\/europeantissue.com\/de\/#\/schema\/person\/9a495baeaeb5491be953d0a6470cde37\"},\"breadcrumb\":{\"@id\":\"https:\/\/europeantissue.com\/fr\/blog\/hygiene-reguliere-et-sure-des-mains-de-tedros-adhanom-ghebreyesus-directeur-general-de-lorganisation-mondiale-de-la-sante\/#breadcrumb\"},\"inLanguage\":\"fr-FR\",\"potentialAction\":[{\"@type\":\"ReadAction\",\"target\":[\"https:\/\/europeantissue.com\/fr\/blog\/hygiene-reguliere-et-sure-des-mains-de-tedros-adhanom-ghebreyesus-directeur-general-de-lorganisation-mondiale-de-la-sante\/\"]}]},{\"@type\":\"ImageObject\",\"inLanguage\":\"fr-FR\",\"@id\":\"https:\/\/europeantissue.com\/fr\/blog\/hygiene-reguliere-et-sure-des-mains-de-tedros-adhanom-ghebreyesus-directeur-general-de-lorganisation-mondiale-de-la-sante\/#primaryimage\",\"url\":\"https:\/\/europeantissue.com\/wp-content\/uploads\/2020\/04\/Tedros-Adhanom-Ghebreyesus-Video-on-Handwashing-for-Coronavirus-image-1.jpg\",\"contentUrl\":\"https:\/\/europeantissue.com\/wp-content\/uploads\/2020\/04\/Tedros-Adhanom-Ghebreyesus-Video-on-Handwashing-for-Coronavirus-image-1.jpg\",\"width\":495,\"height\":548},{\"@type\":\"BreadcrumbList\",\"@id\":\"https:\/\/europeantissue.com\/fr\/blog\/hygiene-reguliere-et-sure-des-mains-de-tedros-adhanom-ghebreyesus-directeur-general-de-lorganisation-mondiale-de-la-sante\/#breadcrumb\",\"itemListElement\":[{\"@type\":\"ListItem\",\"position\":1,\"name\":\"Home\",\"item\":\"https:\/\/europeantissue.com\/fr\/\"},{\"@type\":\"ListItem\",\"position\":2,\"name\":\"Hygi\u00e8ne r\u00e9guli\u00e8re et s\u00fbre des mains, de Tedros Adhanom Ghebreyesus, directeur g\u00e9n\u00e9ral de l&rsquo;Organisation mondiale de la sant\u00e9\"}]},{\"@type\":\"WebSite\",\"@id\":\"https:\/\/europeantissue.com\/de\/#website\",\"url\":\"https:\/\/europeantissue.com\/de\/\",\"name\":\"European Tissue Symposium\",\"description\":\"\",\"potentialAction\":[{\"@type\":\"SearchAction\",\"target\":{\"@type\":\"EntryPoint\",\"urlTemplate\":\"https:\/\/europeantissue.com\/de\/?s={search_term_string}\"},\"query-input\":{\"@type\":\"PropertyValueSpecification\",\"valueRequired\":true,\"valueName\":\"search_term_string\"}}],\"inLanguage\":\"fr-FR\"},{\"@type\":\"Person\",\"@id\":\"https:\/\/europeantissue.com\/de\/#\/schema\/person\/9a495baeaeb5491be953d0a6470cde37\",\"name\":\"roberto berardi\",\"image\":{\"@type\":\"ImageObject\",\"inLanguage\":\"fr-FR\",\"@id\":\"https:\/\/europeantissue.com\/de\/#\/schema\/person\/image\/\",\"url\":\"https:\/\/secure.gravatar.com\/avatar\/79e9bff854badad03bb7adb1900b97a7d3e69988006e9731b97df571c00e7e63?s=96&d=mm&r=g\",\"contentUrl\":\"https:\/\/secure.gravatar.com\/avatar\/79e9bff854badad03bb7adb1900b97a7d3e69988006e9731b97df571c00e7e63?s=96&d=mm&r=g\",\"caption\":\"roberto berardi\"},\"url\":\"https:\/\/europeantissue.com\/fr\/blog\/author\/roberto-berardi\/\"}]}<\/script>\n<!-- \/ Yoast SEO plugin. -->","yoast_head_json":{"title":"Hygi\u00e8ne r\u00e9guli\u00e8re et s\u00fbre des mains, de Tedros Adhanom Ghebreyesus, directeur g\u00e9n\u00e9ral de l'Organisation mondiale de la sant\u00e9 - European Tissue Symposium","robots":{"index":"index","follow":"follow","max-snippet":"max-snippet:-1","max-image-preview":"max-image-preview:large","max-video-preview":"max-video-preview:-1"},"canonical":"https:\/\/europeantissue.com\/fr\/blog\/hygiene-reguliere-et-sure-des-mains-de-tedros-adhanom-ghebreyesus-directeur-general-de-lorganisation-mondiale-de-la-sante\/","og_locale":"fr_FR","og_type":"article","og_title":"Hygi\u00e8ne r\u00e9guli\u00e8re et s\u00fbre des mains, de Tedros Adhanom Ghebreyesus, directeur g\u00e9n\u00e9ral de l'Organisation mondiale de la sant\u00e9 - European Tissue Symposium","og_description":"Dans la vid\u00e9o suivante Tedros Adhanom Ghebreyesus, Directeur g\u00e9n\u00e9ral de l&rsquo;Organisation mondiale de la sant\u00e9, explique comment bien se laver les mains et les s\u00e9cher pour \u00e9viter la contamination par le virus Corona.","og_url":"https:\/\/europeantissue.com\/fr\/blog\/hygiene-reguliere-et-sure-des-mains-de-tedros-adhanom-ghebreyesus-directeur-general-de-lorganisation-mondiale-de-la-sante\/","og_site_name":"European Tissue Symposium","article_published_time":"2020-04-17T17:12:04+00:00","article_modified_time":"2020-04-17T17:12:50+00:00","og_image":[{"width":495,"height":548,"url":"https:\/\/europeantissue.com\/wp-content\/uploads\/2020\/04\/Tedros-Adhanom-Ghebreyesus-Video-on-Handwashing-for-Coronavirus-image-1.jpg","type":"image\/jpeg"}],"author":"roberto berardi","twitter_card":"summary_large_image","twitter_misc":{"\u00c9crit par":"roberto berardi"},"schema":{"@context":"https:\/\/schema.org","@graph":[{"@type":"WebPage","@id":"https:\/\/europeantissue.com\/fr\/blog\/hygiene-reguliere-et-sure-des-mains-de-tedros-adhanom-ghebreyesus-directeur-general-de-lorganisation-mondiale-de-la-sante\/","url":"https:\/\/europeantissue.com\/fr\/blog\/hygiene-reguliere-et-sure-des-mains-de-tedros-adhanom-ghebreyesus-directeur-general-de-lorganisation-mondiale-de-la-sante\/","name":"Hygi\u00e8ne r\u00e9guli\u00e8re et s\u00fbre des mains, de Tedros Adhanom Ghebreyesus, directeur g\u00e9n\u00e9ral de l'Organisation mondiale de la sant\u00e9 - European Tissue Symposium","isPartOf":{"@id":"https:\/\/europeantissue.com\/de\/#website"},"primaryImageOfPage":{"@id":"https:\/\/europeantissue.com\/fr\/blog\/hygiene-reguliere-et-sure-des-mains-de-tedros-adhanom-ghebreyesus-directeur-general-de-lorganisation-mondiale-de-la-sante\/#primaryimage"},"image":{"@id":"https:\/\/europeantissue.com\/fr\/blog\/hygiene-reguliere-et-sure-des-mains-de-tedros-adhanom-ghebreyesus-directeur-general-de-lorganisation-mondiale-de-la-sante\/#primaryimage"},"thumbnailUrl":"https:\/\/europeantissue.com\/wp-content\/uploads\/2020\/04\/Tedros-Adhanom-Ghebreyesus-Video-on-Handwashing-for-Coronavirus-image-1.jpg","datePublished":"2020-04-17T17:12:04+00:00","dateModified":"2020-04-17T17:12:50+00:00","author":{"@id":"https:\/\/europeantissue.com\/de\/#\/schema\/person\/9a495baeaeb5491be953d0a6470cde37"},"breadcrumb":{"@id":"https:\/\/europeantissue.com\/fr\/blog\/hygiene-reguliere-et-sure-des-mains-de-tedros-adhanom-ghebreyesus-directeur-general-de-lorganisation-mondiale-de-la-sante\/#breadcrumb"},"inLanguage":"fr-FR","potentialAction":[{"@type":"ReadAction","target":["https:\/\/europeantissue.com\/fr\/blog\/hygiene-reguliere-et-sure-des-mains-de-tedros-adhanom-ghebreyesus-directeur-general-de-lorganisation-mondiale-de-la-sante\/"]}]},{"@type":"ImageObject","inLanguage":"fr-FR","@id":"https:\/\/europeantissue.com\/fr\/blog\/hygiene-reguliere-et-sure-des-mains-de-tedros-adhanom-ghebreyesus-directeur-general-de-lorganisation-mondiale-de-la-sante\/#primaryimage","url":"https:\/\/europeantissue.com\/wp-content\/uploads\/2020\/04\/Tedros-Adhanom-Ghebreyesus-Video-on-Handwashing-for-Coronavirus-image-1.jpg","contentUrl":"https:\/\/europeantissue.com\/wp-content\/uploads\/2020\/04\/Tedros-Adhanom-Ghebreyesus-Video-on-Handwashing-for-Coronavirus-image-1.jpg","width":495,"height":548},{"@type":"BreadcrumbList","@id":"https:\/\/europeantissue.com\/fr\/blog\/hygiene-reguliere-et-sure-des-mains-de-tedros-adhanom-ghebreyesus-directeur-general-de-lorganisation-mondiale-de-la-sante\/#breadcrumb","itemListElement":[{"@type":"ListItem","position":1,"name":"Home","item":"https:\/\/europeantissue.com\/fr\/"},{"@type":"ListItem","position":2,"name":"Hygi\u00e8ne r\u00e9guli\u00e8re et s\u00fbre des mains, de Tedros Adhanom Ghebreyesus, directeur g\u00e9n\u00e9ral de l&rsquo;Organisation mondiale de la sant\u00e9"}]},{"@type":"WebSite","@id":"https:\/\/europeantissue.com\/de\/#website","url":"https:\/\/europeantissue.com\/de\/","name":"European Tissue Symposium","description":"","potentialAction":[{"@type":"SearchAction","target":{"@type":"EntryPoint","urlTemplate":"https:\/\/europeantissue.com\/de\/?s={search_term_string}"},"query-input":{"@type":"PropertyValueSpecification","valueRequired":true,"valueName":"search_term_string"}}],"inLanguage":"fr-FR"},{"@type":"Person","@id":"https:\/\/europeantissue.com\/de\/#\/schema\/person\/9a495baeaeb5491be953d0a6470cde37","name":"roberto berardi","image":{"@type":"ImageObject","inLanguage":"fr-FR","@id":"https:\/\/europeantissue.com\/de\/#\/schema\/person\/image\/","url":"https:\/\/secure.gravatar.com\/avatar\/79e9bff854badad03bb7adb1900b97a7d3e69988006e9731b97df571c00e7e63?s=96&d=mm&r=g","contentUrl":"https:\/\/secure.gravatar.com\/avatar\/79e9bff854badad03bb7adb1900b97a7d3e69988006e9731b97df571c00e7e63?s=96&d=mm&r=g","caption":"roberto berardi"},"url":"https:\/\/europeantissue.com\/fr\/blog\/author\/roberto-berardi\/"}]}},"_links":{"self":[{"href":"https:\/\/europeantissue.com\/fr\/wp-json\/wp\/v2\/posts\/11293","targetHints":{"allow":["GET"]}}],"collection":[{"href":"https:\/\/europeantissue.com\/fr\/wp-json\/wp\/v2\/posts"}],"about":[{"href":"https:\/\/europeantissue.com\/fr\/wp-json\/wp\/v2\/types\/post"}],"author":[{"embeddable":true,"href":"https:\/\/europeantissue.com\/fr\/wp-json\/wp\/v2\/users\/16"}],"replies":[{"embeddable":true,"href":"https:\/\/europeantissue.com\/fr\/wp-json\/wp\/v2\/comments?post=11293"}],"version-history":[{"count":0,"href":"https:\/\/europeantissue.com\/fr\/wp-json\/wp\/v2\/posts\/11293\/revisions"}],"wp:featuredmedia":[{"embeddable":true,"href":"https:\/\/europeantissue.com\/fr\/wp-json\/wp\/v2\/media\/11273"}],"wp:attachment":[{"href":"https:\/\/europeantissue.com\/fr\/wp-json\/wp\/v2\/media?parent=11293"}],"wp:term":[{"taxonomy":"category","embeddable":true,"href":"https:\/\/europeantissue.com\/fr\/wp-json\/wp\/v2\/categories?post=11293"},{"taxonomy":"post_tag","embeddable":true,"href":"https:\/\/europeantissue.com\/fr\/wp-json\/wp\/v2\/tags?post=11293"}],"curies":[{"name":"wp","href":"https:\/\/api.w.org\/{rel}","templated":true}]}}