 {"id":11229,"date":"2020-03-24T17:05:58","date_gmt":"2020-03-24T17:05:58","guid":{"rendered":"http:\/\/europeantissue.com\/blog\/voici-le-tweet-restez-sur-et-sain-de-ursula-von-der-leyen\/"},"modified":"2020-11-19T14:20:12","modified_gmt":"2020-11-19T14:20:12","slug":"voici-le-tweet-restez-sur-et-sain-de-ursula-von-der-leyen-2","status":"publish","type":"post","link":"https:\/\/europeantissue.com\/fr\/blog\/voici-le-tweet-restez-sur-et-sain-de-ursula-von-der-leyen-2\/","title":{"rendered":"Tweet: RESTEZ S\u00dbR ET SAIN, de Ursula von der Leyen."},"content":{"rendered":"<h2 style=\"text-align: left;\"><span style=\"color: #0000ff;\"><strong>Dans une vid\u00e9o, le pr\u00e9sident de la Commission europ\u00e9enne <\/strong><\/span><span style=\"color: #0000ff;\"><strong>explique aux citoyens europ\u00e9ens <\/strong><\/span><span style=\"color: #0000ff;\"><strong>comment bien se laver les mains et les s\u00e9cher <\/strong><\/span><span style=\"color: #0000ff;\"><strong>pour pr\u00e9venir la contamination par le virus Corona.<\/strong><\/span><\/h2>\n<h3>Regardez cette vid\u00e9o sur la cha\u00eene YouTube de la Commission europ\u00e9enne, accessible via ce lien: <a href=\"https:\/\/www.youtube.com\/watch?v=sLa_QiWulPE\">https:\/\/www.youtube.com\/watch?v=sLa_QiWulPE<\/a><\/h3>\n<p><a href=\"https:\/\/europeantissue.com\/wp-content\/uploads\/2020\/03\/Ursula-tweet-heading.jpg\"><img decoding=\"async\" class=\"alignnone  wp-image-11231\" src=\"https:\/\/europeantissue.com\/wp-content\/uploads\/2020\/03\/Ursula-tweet-heading.jpg\" alt=\"\" width=\"643\" height=\"441\" srcset=\"https:\/\/europeantissue.com\/wp-content\/uploads\/2020\/03\/Ursula-tweet-heading-200x137.jpg 200w, https:\/\/europeantissue.com\/wp-content\/uploads\/2020\/03\/Ursula-tweet-heading-300x206.jpg 300w, https:\/\/europeantissue.com\/wp-content\/uploads\/2020\/03\/Ursula-tweet-heading-400x275.jpg 400w, https:\/\/europeantissue.com\/wp-content\/uploads\/2020\/03\/Ursula-tweet-heading-600x412.jpg 600w, https:\/\/europeantissue.com\/wp-content\/uploads\/2020\/03\/Ursula-tweet-heading.jpg 660w\" sizes=\"(max-width: 643px) 100vw, 643px\" \/><\/a><\/p>\n<h2 style=\"text-align: left;\">&nbsp;<\/h2>\n","protected":false},"excerpt":{"rendered":"<p>Dans une vid\u00e9o, le pr\u00e9sident de la Commission europ\u00e9enne explique aux citoyens europ\u00e9ens comment bien se laver les mains et les s\u00e9cher pour pr\u00e9venir la contamination par le virus Corona. Regardez cette vid\u00e9o sur la cha\u00eene YouTube de la Commission europ\u00e9enne, accessible via ce lien: https:\/\/www.youtube.com\/watch?v=sLa_QiWulPE &nbsp;<\/p>\n","protected":false},"author":16,"featured_media":0,"comment_status":"open","ping_status":"open","sticky":false,"template":"","format":"standard","meta":{"_monsterinsights_skip_tracking":false,"_monsterinsights_sitenote_active":false,"_monsterinsights_sitenote_note":"","_monsterinsights_sitenote_category":0,"ngg_post_thumbnail":0,"footnotes":""},"categories":[35],"tags":[],"class_list":["post-11229","post","type-post","status-publish","format-standard","hentry","category-actualites-fr"],"yoast_head":"<!-- This site is optimized with the Yoast SEO plugin v26.3 - https:\/\/yoast.com\/wordpress\/plugins\/seo\/ -->\n<title>Tweet: RESTEZ S\u00dbR ET SAIN, de Ursula von der Leyen. - European Tissue Symposium<\/title>\n<meta name=\"robots\" content=\"index, follow, max-snippet:-1, max-image-preview:large, max-video-preview:-1\" \/>\n<link rel=\"canonical\" href=\"https:\/\/europeantissue.com\/fr\/blog\/voici-le-tweet-restez-sur-et-sain-de-ursula-von-der-leyen-2\/\" \/>\n<meta property=\"og:locale\" content=\"fr_FR\" \/>\n<meta property=\"og:type\" content=\"article\" \/>\n<meta property=\"og:title\" content=\"Tweet: RESTEZ S\u00dbR ET SAIN, de Ursula von der Leyen. - European Tissue Symposium\" \/>\n<meta property=\"og:description\" content=\"Dans une vid\u00e9o, le pr\u00e9sident de la Commission europ\u00e9enne explique aux citoyens europ\u00e9ens comment bien se laver les mains et les s\u00e9cher pour pr\u00e9venir la contamination par le virus Corona. Regardez cette vid\u00e9o sur la cha\u00eene YouTube de la Commission europ\u00e9enne, accessible via ce lien: https:\/\/www.youtube.com\/watch?v=sLa_QiWulPE &nbsp;\" \/>\n<meta property=\"og:url\" content=\"https:\/\/europeantissue.com\/fr\/blog\/voici-le-tweet-restez-sur-et-sain-de-ursula-von-der-leyen-2\/\" \/>\n<meta property=\"og:site_name\" content=\"European Tissue Symposium\" \/>\n<meta property=\"article:published_time\" content=\"2020-03-24T17:05:58+00:00\" \/>\n<meta property=\"article:modified_time\" content=\"2020-11-19T14:20:12+00:00\" \/>\n<meta property=\"og:image\" content=\"https:\/\/europeantissue.com\/wp-content\/uploads\/2020\/03\/Ursula-tweet-heading.jpg\" \/>\n<meta name=\"author\" content=\"roberto berardi\" \/>\n<meta name=\"twitter:card\" content=\"summary_large_image\" \/>\n<meta name=\"twitter:label1\" content=\"\u00c9crit par\" \/>\n\t<meta name=\"twitter:data1\" content=\"roberto berardi\" \/>\n<script type=\"application\/ld+json\" class=\"yoast-schema-graph\">{\"@context\":\"https:\/\/schema.org\",\"@graph\":[{\"@type\":\"WebPage\",\"@id\":\"https:\/\/europeantissue.com\/fr\/blog\/voici-le-tweet-restez-sur-et-sain-de-ursula-von-der-leyen-2\/\",\"url\":\"https:\/\/europeantissue.com\/fr\/blog\/voici-le-tweet-restez-sur-et-sain-de-ursula-von-der-leyen-2\/\",\"name\":\"Tweet: RESTEZ S\u00dbR ET SAIN, de Ursula von der Leyen. - European Tissue Symposium\",\"isPartOf\":{\"@id\":\"https:\/\/europeantissue.com\/de\/#website\"},\"primaryImageOfPage\":{\"@id\":\"https:\/\/europeantissue.com\/fr\/blog\/voici-le-tweet-restez-sur-et-sain-de-ursula-von-der-leyen-2\/#primaryimage\"},\"image\":{\"@id\":\"https:\/\/europeantissue.com\/fr\/blog\/voici-le-tweet-restez-sur-et-sain-de-ursula-von-der-leyen-2\/#primaryimage\"},\"thumbnailUrl\":\"https:\/\/europeantissue.com\/wp-content\/uploads\/2020\/03\/Ursula-tweet-heading.jpg\",\"datePublished\":\"2020-03-24T17:05:58+00:00\",\"dateModified\":\"2020-11-19T14:20:12+00:00\",\"author\":{\"@id\":\"https:\/\/europeantissue.com\/de\/#\/schema\/person\/9a495baeaeb5491be953d0a6470cde37\"},\"breadcrumb\":{\"@id\":\"https:\/\/europeantissue.com\/fr\/blog\/voici-le-tweet-restez-sur-et-sain-de-ursula-von-der-leyen-2\/#breadcrumb\"},\"inLanguage\":\"fr-FR\",\"potentialAction\":[{\"@type\":\"ReadAction\",\"target\":[\"https:\/\/europeantissue.com\/fr\/blog\/voici-le-tweet-restez-sur-et-sain-de-ursula-von-der-leyen-2\/\"]}]},{\"@type\":\"ImageObject\",\"inLanguage\":\"fr-FR\",\"@id\":\"https:\/\/europeantissue.com\/fr\/blog\/voici-le-tweet-restez-sur-et-sain-de-ursula-von-der-leyen-2\/#primaryimage\",\"url\":\"https:\/\/europeantissue.com\/wp-content\/uploads\/2020\/03\/Ursula-tweet-heading.jpg\",\"contentUrl\":\"https:\/\/europeantissue.com\/wp-content\/uploads\/2020\/03\/Ursula-tweet-heading.jpg\"},{\"@type\":\"BreadcrumbList\",\"@id\":\"https:\/\/europeantissue.com\/fr\/blog\/voici-le-tweet-restez-sur-et-sain-de-ursula-von-der-leyen-2\/#breadcrumb\",\"itemListElement\":[{\"@type\":\"ListItem\",\"position\":1,\"name\":\"Home\",\"item\":\"https:\/\/europeantissue.com\/fr\/\"},{\"@type\":\"ListItem\",\"position\":2,\"name\":\"Tweet: RESTEZ S\u00dbR ET SAIN, de Ursula von der Leyen.\"}]},{\"@type\":\"WebSite\",\"@id\":\"https:\/\/europeantissue.com\/de\/#website\",\"url\":\"https:\/\/europeantissue.com\/de\/\",\"name\":\"European Tissue Symposium\",\"description\":\"\",\"potentialAction\":[{\"@type\":\"SearchAction\",\"target\":{\"@type\":\"EntryPoint\",\"urlTemplate\":\"https:\/\/europeantissue.com\/de\/?s={search_term_string}\"},\"query-input\":{\"@type\":\"PropertyValueSpecification\",\"valueRequired\":true,\"valueName\":\"search_term_string\"}}],\"inLanguage\":\"fr-FR\"},{\"@type\":\"Person\",\"@id\":\"https:\/\/europeantissue.com\/de\/#\/schema\/person\/9a495baeaeb5491be953d0a6470cde37\",\"name\":\"roberto berardi\",\"image\":{\"@type\":\"ImageObject\",\"inLanguage\":\"fr-FR\",\"@id\":\"https:\/\/europeantissue.com\/de\/#\/schema\/person\/image\/\",\"url\":\"https:\/\/secure.gravatar.com\/avatar\/79e9bff854badad03bb7adb1900b97a7d3e69988006e9731b97df571c00e7e63?s=96&d=mm&r=g\",\"contentUrl\":\"https:\/\/secure.gravatar.com\/avatar\/79e9bff854badad03bb7adb1900b97a7d3e69988006e9731b97df571c00e7e63?s=96&d=mm&r=g\",\"caption\":\"roberto berardi\"},\"url\":\"https:\/\/europeantissue.com\/fr\/blog\/author\/roberto-berardi\/\"}]}<\/script>\n<!-- \/ Yoast SEO plugin. -->","yoast_head_json":{"title":"Tweet: RESTEZ S\u00dbR ET SAIN, de Ursula von der Leyen. - European Tissue Symposium","robots":{"index":"index","follow":"follow","max-snippet":"max-snippet:-1","max-image-preview":"max-image-preview:large","max-video-preview":"max-video-preview:-1"},"canonical":"https:\/\/europeantissue.com\/fr\/blog\/voici-le-tweet-restez-sur-et-sain-de-ursula-von-der-leyen-2\/","og_locale":"fr_FR","og_type":"article","og_title":"Tweet: RESTEZ S\u00dbR ET SAIN, de Ursula von der Leyen. - European Tissue Symposium","og_description":"Dans une vid\u00e9o, le pr\u00e9sident de la Commission europ\u00e9enne explique aux citoyens europ\u00e9ens comment bien se laver les mains et les s\u00e9cher pour pr\u00e9venir la contamination par le virus Corona. Regardez cette vid\u00e9o sur la cha\u00eene YouTube de la Commission europ\u00e9enne, accessible via ce lien: https:\/\/www.youtube.com\/watch?v=sLa_QiWulPE &nbsp;","og_url":"https:\/\/europeantissue.com\/fr\/blog\/voici-le-tweet-restez-sur-et-sain-de-ursula-von-der-leyen-2\/","og_site_name":"European Tissue Symposium","article_published_time":"2020-03-24T17:05:58+00:00","article_modified_time":"2020-11-19T14:20:12+00:00","og_image":[{"url":"https:\/\/europeantissue.com\/wp-content\/uploads\/2020\/03\/Ursula-tweet-heading.jpg","type":"","width":"","height":""}],"author":"roberto berardi","twitter_card":"summary_large_image","twitter_misc":{"\u00c9crit par":"roberto berardi"},"schema":{"@context":"https:\/\/schema.org","@graph":[{"@type":"WebPage","@id":"https:\/\/europeantissue.com\/fr\/blog\/voici-le-tweet-restez-sur-et-sain-de-ursula-von-der-leyen-2\/","url":"https:\/\/europeantissue.com\/fr\/blog\/voici-le-tweet-restez-sur-et-sain-de-ursula-von-der-leyen-2\/","name":"Tweet: RESTEZ S\u00dbR ET SAIN, de Ursula von der Leyen. - European Tissue Symposium","isPartOf":{"@id":"https:\/\/europeantissue.com\/de\/#website"},"primaryImageOfPage":{"@id":"https:\/\/europeantissue.com\/fr\/blog\/voici-le-tweet-restez-sur-et-sain-de-ursula-von-der-leyen-2\/#primaryimage"},"image":{"@id":"https:\/\/europeantissue.com\/fr\/blog\/voici-le-tweet-restez-sur-et-sain-de-ursula-von-der-leyen-2\/#primaryimage"},"thumbnailUrl":"https:\/\/europeantissue.com\/wp-content\/uploads\/2020\/03\/Ursula-tweet-heading.jpg","datePublished":"2020-03-24T17:05:58+00:00","dateModified":"2020-11-19T14:20:12+00:00","author":{"@id":"https:\/\/europeantissue.com\/de\/#\/schema\/person\/9a495baeaeb5491be953d0a6470cde37"},"breadcrumb":{"@id":"https:\/\/europeantissue.com\/fr\/blog\/voici-le-tweet-restez-sur-et-sain-de-ursula-von-der-leyen-2\/#breadcrumb"},"inLanguage":"fr-FR","potentialAction":[{"@type":"ReadAction","target":["https:\/\/europeantissue.com\/fr\/blog\/voici-le-tweet-restez-sur-et-sain-de-ursula-von-der-leyen-2\/"]}]},{"@type":"ImageObject","inLanguage":"fr-FR","@id":"https:\/\/europeantissue.com\/fr\/blog\/voici-le-tweet-restez-sur-et-sain-de-ursula-von-der-leyen-2\/#primaryimage","url":"https:\/\/europeantissue.com\/wp-content\/uploads\/2020\/03\/Ursula-tweet-heading.jpg","contentUrl":"https:\/\/europeantissue.com\/wp-content\/uploads\/2020\/03\/Ursula-tweet-heading.jpg"},{"@type":"BreadcrumbList","@id":"https:\/\/europeantissue.com\/fr\/blog\/voici-le-tweet-restez-sur-et-sain-de-ursula-von-der-leyen-2\/#breadcrumb","itemListElement":[{"@type":"ListItem","position":1,"name":"Home","item":"https:\/\/europeantissue.com\/fr\/"},{"@type":"ListItem","position":2,"name":"Tweet: RESTEZ S\u00dbR ET SAIN, de Ursula von der Leyen."}]},{"@type":"WebSite","@id":"https:\/\/europeantissue.com\/de\/#website","url":"https:\/\/europeantissue.com\/de\/","name":"European Tissue Symposium","description":"","potentialAction":[{"@type":"SearchAction","target":{"@type":"EntryPoint","urlTemplate":"https:\/\/europeantissue.com\/de\/?s={search_term_string}"},"query-input":{"@type":"PropertyValueSpecification","valueRequired":true,"valueName":"search_term_string"}}],"inLanguage":"fr-FR"},{"@type":"Person","@id":"https:\/\/europeantissue.com\/de\/#\/schema\/person\/9a495baeaeb5491be953d0a6470cde37","name":"roberto berardi","image":{"@type":"ImageObject","inLanguage":"fr-FR","@id":"https:\/\/europeantissue.com\/de\/#\/schema\/person\/image\/","url":"https:\/\/secure.gravatar.com\/avatar\/79e9bff854badad03bb7adb1900b97a7d3e69988006e9731b97df571c00e7e63?s=96&d=mm&r=g","contentUrl":"https:\/\/secure.gravatar.com\/avatar\/79e9bff854badad03bb7adb1900b97a7d3e69988006e9731b97df571c00e7e63?s=96&d=mm&r=g","caption":"roberto berardi"},"url":"https:\/\/europeantissue.com\/fr\/blog\/author\/roberto-berardi\/"}]}},"_links":{"self":[{"href":"https:\/\/europeantissue.com\/fr\/wp-json\/wp\/v2\/posts\/11229","targetHints":{"allow":["GET"]}}],"collection":[{"href":"https:\/\/europeantissue.com\/fr\/wp-json\/wp\/v2\/posts"}],"about":[{"href":"https:\/\/europeantissue.com\/fr\/wp-json\/wp\/v2\/types\/post"}],"author":[{"embeddable":true,"href":"https:\/\/europeantissue.com\/fr\/wp-json\/wp\/v2\/users\/16"}],"replies":[{"embeddable":true,"href":"https:\/\/europeantissue.com\/fr\/wp-json\/wp\/v2\/comments?post=11229"}],"version-history":[{"count":0,"href":"https:\/\/europeantissue.com\/fr\/wp-json\/wp\/v2\/posts\/11229\/revisions"}],"wp:attachment":[{"href":"https:\/\/europeantissue.com\/fr\/wp-json\/wp\/v2\/media?parent=11229"}],"wp:term":[{"taxonomy":"category","embeddable":true,"href":"https:\/\/europeantissue.com\/fr\/wp-json\/wp\/v2\/categories?post=11229"},{"taxonomy":"post_tag","embeddable":true,"href":"https:\/\/europeantissue.com\/fr\/wp-json\/wp\/v2\/tags?post=11229"}],"curies":[{"name":"wp","href":"https:\/\/api.w.org\/{rel}","templated":true}]}}